{"id":524,"date":"2009-02-09T15:27:52","date_gmt":"2009-02-09T13:27:52","guid":{"rendered":"http:\/\/www.bergedorfer-schloss.de\/?p=524"},"modified":"2010-01-05T10:20:13","modified_gmt":"2010-01-05T09:20:13","slug":"bedinungsloses-grundeinkommen-und-konsumsteuer","status":"publish","type":"post","link":"http:\/\/www.bergedorfer-schloss.de\/?p=524","title":{"rendered":"Bedinungsloses Grundeinkommen und Konsumsteuer"},"content":{"rendered":"<p><strong>Links zu den Thema:<\/strong><br \/>\n<a title=\"Externer Link, neues Fenster\/Tab; Wegweiser zur Petition\" href=\"https:\/\/epetitionen.bundestag.de\/index.php?action=petition;sa=details;petition=1422\" target=\"_blank\">Petition<\/a><\/p>\n<p><a title=\"Externer Link, neues Fenster\/Tab; Wegweiser zur Hauptseite\" href=\"http:\/\/www.unternimm-die-zukunft.de\/\" target=\"_blank\">Die Hauptseite<\/a><\/p>\n<p><a title=\"Externer Link, neues Fenster\/Tab; Wegweiser zu Wikipedia\" href=\"http:\/\/de.wikipedia.org\/wiki\/Bedingungsloses_Grundeinkommen\" target=\"_blank\">Wikipedia<\/a><\/p>\n<p>Hallo,<\/p>\n<p>schnell noch alle mitmachen bei der Petition (erster Link, ganz oben!!!), denn diese geht nur noch bis morgen 10.02.2009. Die anderen Links sind zur Erkl\u00e4rung des Themas.<\/p>\n<p>p.s.<br \/>\nDie Zeichnungsfrist wurde aufgrund technischer Schwierigkeiten vom Wochenende um eine Woche bis zum 17.02.2009 verl\u00e4ngert. Das Forum daf\u00fcr wird aber morgen wie geplant geschlossen und man dann nicht mehr dar\u00fcber diskutieren.<br \/>\n<strong>Jetzt aber schnell den ersten (obersten) Link an alle weitersenden und mitmachen!<\/strong><br \/>\nDenn es geht um unser aller Zukunft, um ein System mit dem man auch wirklich \u00fcberleben kann. Der Status Quo wird irgendwann platzten und zu so gravierenden Problemen f\u00fchren die wir uns heute nur schwer vorstellen k\u00f6nnen. Sowas wie heute kann nicht auf die Dauer gut gehen&#8230;<br \/>\nIrgendwann platzt die Bombe (das heutige System).<br \/>\nDenkt mal dar\u00fcber nach&#8230;<\/p>\n","protected":false},"excerpt":{"rendered":"<p>Links zu den Thema: Petition Die Hauptseite Wikipedia Hallo, schnell noch alle mitmachen bei der Petition (erster Link, ganz oben!!!), denn diese geht nur noch bis morgen 10.02.2009. Die anderen Links sind zur Erkl\u00e4rung des Themas. p.s. Die Zeichnungsfrist wurde &hellip; <a href=\"http:\/\/www.bergedorfer-schloss.de\/?p=524\">Weiterlesen <span class=\"meta-nav\">&rarr;<\/span><\/a><\/p>\n","protected":false},"author":5,"featured_media":0,"comment_status":"open","ping_status":"open","sticky":false,"template":"","format":"standard","meta":{"footnotes":""},"categories":[106,383,22,170],"tags":[360],"class_list":["post-524","post","type-post","status-publish","format-standard","hentry","category-arbeitslosigkeit","category-grundeinkommen","category-politik","category-privat","tag-bedinungsloses-grundeinkommen"],"_links":{"self":[{"href":"http:\/\/www.bergedorfer-schloss.de\/index.php?rest_route=\/wp\/v2\/posts\/524","targetHints":{"allow":["GET"]}}],"collection":[{"href":"http:\/\/www.bergedorfer-schloss.de\/index.php?rest_route=\/wp\/v2\/posts"}],"about":[{"href":"http:\/\/www.bergedorfer-schloss.de\/index.php?rest_route=\/wp\/v2\/types\/post"}],"author":[{"embeddable":true,"href":"http:\/\/www.bergedorfer-schloss.de\/index.php?rest_route=\/wp\/v2\/users\/5"}],"replies":[{"embeddable":true,"href":"http:\/\/www.bergedorfer-schloss.de\/index.php?rest_route=%2Fwp%2Fv2%2Fcomments&post=524"}],"version-history":[{"count":6,"href":"http:\/\/www.bergedorfer-schloss.de\/index.php?rest_route=\/wp\/v2\/posts\/524\/revisions"}],"predecessor-version":[{"id":1188,"href":"http:\/\/www.bergedorfer-schloss.de\/index.php?rest_route=\/wp\/v2\/posts\/524\/revisions\/1188"}],"wp:attachment":[{"href":"http:\/\/www.bergedorfer-schloss.de\/index.php?rest_route=%2Fwp%2Fv2%2Fmedia&parent=524"}],"wp:term":[{"taxonomy":"category","embeddable":true,"href":"http:\/\/www.bergedorfer-schloss.de\/index.php?rest_route=%2Fwp%2Fv2%2Fcategories&post=524"},{"taxonomy":"post_tag","embeddable":true,"href":"http:\/\/www.bergedorfer-schloss.de\/index.php?rest_route=%2Fwp%2Fv2%2Ftags&post=524"}],"curies":[{"name":"wp","href":"https:\/\/api.w.org\/{rel}","templated":true}]}}